{"id":255,"date":"2019-09-26T12:38:16","date_gmt":"2019-09-26T11:38:16","guid":{"rendered":"https:\/\/sistesiden.no\/?p=255"},"modified":"2019-09-26T12:38:16","modified_gmt":"2019-09-26T11:38:16","slug":"uff-uff-uff","status":"publish","type":"post","link":"https:\/\/sistesiden.no\/?p=255","title":{"rendered":"UFF, UFF, UFF"},"content":{"rendered":"<div class=\"\" data-block=\"true\" data-editor=\"c67l9\" data-offset-key=\"516j8-0-0\">\n<div class=\"_1mf _1mj\" data-offset-key=\"516j8-0-0\"><span data-offset-key=\"516j8-0-0\">Hva skjer i moderlandets politiske lederskap?<\/span><\/div>\n<\/div>\n<div class=\"\" data-block=\"true\" data-editor=\"c67l9\" data-offset-key=\"cs73t-0-0\">\n<div class=\"_1mf _1mj\" data-offset-key=\"cs73t-0-0\"><span data-offset-key=\"cs73t-0-0\">\u00a0<\/span><\/div>\n<\/div>\n<div class=\"\" data-block=\"true\" data-editor=\"c67l9\" data-offset-key=\"9pktq-0-0\">\n<div class=\"_1mf _1mj\" data-offset-key=\"9pktq-0-0\"><span data-offset-key=\"9pktq-0-0\">Arbeiderpartiet og H\u00f8yre g\u00e5r tilbake, Venstre og KrF har nesten utradert seg selv.<\/span><\/div>\n<\/div>\n<div class=\"\" data-block=\"true\" data-editor=\"c67l9\" data-offset-key=\"dh4d7-0-0\">\n<div class=\"_1mf _1mj\" data-offset-key=\"dh4d7-0-0\"><span data-offset-key=\"dh4d7-0-0\">\u00a0<\/span><\/div>\n<\/div>\n<div class=\"\" data-block=\"true\" data-editor=\"c67l9\" data-offset-key=\"7rhfj-0-0\">\n<div class=\"_1mf _1mj\" data-offset-key=\"7rhfj-0-0\"><span data-offset-key=\"7rhfj-0-0\">Satsministeren og Jonas Gahr St\u00f8re uttaler seg som om ingenting har hendt og at tilbakegangen er moderat.<\/span><\/div>\n<\/div>\n<div class=\"\" data-block=\"true\" data-editor=\"c67l9\" data-offset-key=\"fo7e-0-0\">\n<div class=\"_1mf _1mj\" data-offset-key=\"fo7e-0-0\"><span data-offset-key=\"fo7e-0-0\">\u00a0<\/span><\/div>\n<\/div>\n<div class=\"\" data-block=\"true\" data-editor=\"c67l9\" data-offset-key=\"9atjb-0-0\">\n<div class=\"_1mf _1mj\" data-offset-key=\"9atjb-0-0\"><span data-offset-key=\"9atjb-0-0\">Forst\u00e5r ikke politikerne at folk har begynt \u00e5 v\u00e5kne fra velstandslivets koma og ser tydeligere og tydeligere at det som besluttes p\u00e5 toppen ikke er i folks interesse.<\/span><\/div>\n<\/div>\n<div class=\"\" data-block=\"true\" data-editor=\"c67l9\" data-offset-key=\"1kvjq-0-0\">\n<div class=\"_1mf _1mj\" data-offset-key=\"1kvjq-0-0\"><span data-offset-key=\"1kvjq-0-0\">\u00a0<\/span><\/div>\n<\/div>\n<div class=\"\" data-block=\"true\" data-editor=\"c67l9\" data-offset-key=\"3fgg9-0-0\">\n<div class=\"_1mf _1mj\" data-offset-key=\"3fgg9-0-0\"><span data-offset-key=\"3fgg9-0-0\">EU, E\u00d8S, Acer, bompenger og vindm\u00f8ller i ur\u00f8rt norsk natur er noe av det som skaper avmakt, frustrasjon og sinne.<\/span><\/div>\n<\/div>\n<div class=\"\" data-block=\"true\" data-editor=\"c67l9\" data-offset-key=\"eom9c-0-0\">\n<div class=\"_1mf _1mj\" data-offset-key=\"eom9c-0-0\"><span data-offset-key=\"eom9c-0-0\">\u00a0<\/span><\/div>\n<\/div>\n<div class=\"\" data-block=\"true\" data-editor=\"c67l9\" data-offset-key=\"8kgqq-0-0\">\n<div class=\"_1mf _1mj\" data-offset-key=\"8kgqq-0-0\"><span data-offset-key=\"8kgqq-0-0\">Hvorfor er det s\u00e5 viktig for norske stortingspolitikere \u00e5 avst\u00e5 suverenitet til et massivt EU byr\u00e5krati?<\/span><\/div>\n<\/div>\n<div class=\"\" data-block=\"true\" data-editor=\"c67l9\" data-offset-key=\"4qd84-0-0\">\n<div class=\"_1mf _1mj\" data-offset-key=\"4qd84-0-0\"><span data-offset-key=\"4qd84-0-0\">\u00a0<\/span><\/div>\n<\/div>\n<div class=\"\" data-block=\"true\" data-editor=\"c67l9\" data-offset-key=\"58p3m-0-0\">\n<div class=\"_1mf _1mj\" data-offset-key=\"58p3m-0-0\"><span data-offset-key=\"58p3m-0-0\">Har de g\u00e5tt seg vill i egen fortreffelighet eller er de bare dummere enn gjennomsnittet av Norges befolkning?<\/span><\/div>\n<\/div>\n","protected":false},"excerpt":{"rendered":"<p>Hva skjer i moderlandets politiske lederskap? \u00a0 Arbeiderpartiet og H\u00f8yre g\u00e5r tilbake, Venstre og KrF har nesten utradert seg selv. \u00a0 Satsministeren og Jonas Gahr St\u00f8re uttaler seg som om ingenting har hendt og at tilbakegangen er moderat. \u00a0 Forst\u00e5r ikke politikerne at folk har begynt \u00e5 v\u00e5kne fra velstandslivets&#8230;<\/p>\n","protected":false},"author":1,"featured_media":240,"comment_status":"open","ping_status":"open","sticky":false,"template":"","format":"standard","meta":{"pagelayer_contact_templates":[],"_pagelayer_content":"","footnotes":""},"categories":[1],"tags":[],"class_list":["post-255","post","type-post","status-publish","format-standard","has-post-thumbnail","hentry","category-politikk"],"_links":{"self":[{"href":"https:\/\/sistesiden.no\/index.php?rest_route=\/wp\/v2\/posts\/255","targetHints":{"allow":["GET"]}}],"collection":[{"href":"https:\/\/sistesiden.no\/index.php?rest_route=\/wp\/v2\/posts"}],"about":[{"href":"https:\/\/sistesiden.no\/index.php?rest_route=\/wp\/v2\/types\/post"}],"author":[{"embeddable":true,"href":"https:\/\/sistesiden.no\/index.php?rest_route=\/wp\/v2\/users\/1"}],"replies":[{"embeddable":true,"href":"https:\/\/sistesiden.no\/index.php?rest_route=%2Fwp%2Fv2%2Fcomments&post=255"}],"version-history":[{"count":1,"href":"https:\/\/sistesiden.no\/index.php?rest_route=\/wp\/v2\/posts\/255\/revisions"}],"predecessor-version":[{"id":256,"href":"https:\/\/sistesiden.no\/index.php?rest_route=\/wp\/v2\/posts\/255\/revisions\/256"}],"wp:featuredmedia":[{"embeddable":true,"href":"https:\/\/sistesiden.no\/index.php?rest_route=\/wp\/v2\/media\/240"}],"wp:attachment":[{"href":"https:\/\/sistesiden.no\/index.php?rest_route=%2Fwp%2Fv2%2Fmedia&parent=255"}],"wp:term":[{"taxonomy":"category","embeddable":true,"href":"https:\/\/sistesiden.no\/index.php?rest_route=%2Fwp%2Fv2%2Fcategories&post=255"},{"taxonomy":"post_tag","embeddable":true,"href":"https:\/\/sistesiden.no\/index.php?rest_route=%2Fwp%2Fv2%2Ftags&post=255"}],"curies":[{"name":"wp","href":"https:\/\/api.w.org\/{rel}","templated":true}]}}